{"id":15229,"date":"2025-05-30T10:49:46","date_gmt":"2025-05-30T08:49:46","guid":{"rendered":"https:\/\/www.circularsecondhand.org\/looks-circulars-festivals-estiu\/"},"modified":"2025-06-05T09:42:06","modified_gmt":"2025-06-05T07:42:06","slug":"looks-circulars-festivals-estiu","status":"publish","type":"post","link":"https:\/\/www.circularsecondhand.org\/es\/looks-circulars-festivals-estiu\/","title":{"rendered":"Looks Circular para triunfar en los festivales de m\u00fasica este verano"},"content":{"rendered":"\n<p class=\"has-medium-font-size\">El verano ya est\u00e1 aqu\u00ed, y con \u00e9l llegan los festivales de m\u00fasica que tanto esperamos. Pero&#8230; \u00bfy si este a\u00f1o apostamos por un estilo que no s\u00f3lo sea \u00fanico, sino tambi\u00e9n sostenible? En Circular Second Hand, queremos inspirarte para que brilles en cada concierto con piezas de segunda mano cargadas de historia y estilo.  <\/p>\n\n<h2 class=\"wp-block-heading\"><strong>B\u00e1sicos imprescindibles para tu look festivaler<\/strong> <\/h2>\n\n<p class=\"has-medium-font-size\"><strong>Camisetas, camisas o polos vintage<\/strong><br\/> Ideales para las horas de sol. Busca estampados psicod\u00e9licos, tie-dye o con logotipos de bandas m\u00edticas de los 80 y 90   <\/p>\n\n<figure class=\"wp-block-image aligncenter size-full\"><img loading=\"lazy\" decoding=\"async\" width=\"1000\" height=\"600\" src=\"https:\/\/www.circularsecondhand.org\/wp-content\/uploads\/2025\/04\/1.jpg\" alt=\"\" class=\"wp-image-14555\" srcset=\"https:\/\/www.circularsecondhand.org\/wp-content\/uploads\/2025\/04\/1.jpg 1000w, https:\/\/www.circularsecondhand.org\/wp-content\/uploads\/2025\/04\/1-300x180.jpg 300w, https:\/\/www.circularsecondhand.org\/wp-content\/uploads\/2025\/04\/1-768x461.jpg 768w\" sizes=\"auto, (max-width: 1000px) 100vw, 1000px\" \/><\/figure>\n\n<div class=\"wp-block-buttons alignwide is-content-justification-center is-layout-flex wp-container-core-buttons-is-layout-16018d1d wp-block-buttons-is-layout-flex\">\n<div class=\"wp-block-button\"><a class=\"wp-block-button__link wp-element-button\" href=\"https:\/\/www.circularsecondhand.org\/es\/camisetas-tallaje-masculino\/\">Compra ahora polos<\/a><\/div>\n\n\n\n<div class=\"wp-block-button\"><a class=\"wp-block-button__link wp-element-button\" href=\"https:\/\/www.circularsecondhand.org\/es\/camisetas-tallaje-masculino\/\">Compra ahora camisas<\/a><\/div>\n<\/div>\n\n<p class=\"has-medium-font-size\"><strong>Shorts denim o faldas midi estampadas<\/strong><br\/> Una prenda vers\u00e1til, c\u00f3moda y fresca. Combinan perfectamente con botas vaqueras o sandalias planas para bailar todo el d\u00eda.   <\/p>\n\n<figure class=\"wp-block-image aligncenter size-full\"><img loading=\"lazy\" decoding=\"async\" width=\"1000\" height=\"600\" src=\"https:\/\/www.circularsecondhand.org\/wp-content\/uploads\/2025\/04\/2.jpg\" alt=\"\" class=\"wp-image-14557\" srcset=\"https:\/\/www.circularsecondhand.org\/wp-content\/uploads\/2025\/04\/2.jpg 1000w, https:\/\/www.circularsecondhand.org\/wp-content\/uploads\/2025\/04\/2-300x180.jpg 300w, https:\/\/www.circularsecondhand.org\/wp-content\/uploads\/2025\/04\/2-768x461.jpg 768w\" sizes=\"auto, (max-width: 1000px) 100vw, 1000px\" \/><\/figure>\n\n<div class=\"wp-block-buttons alignwide is-content-justification-center is-layout-flex wp-container-core-buttons-is-layout-16018d1d wp-block-buttons-is-layout-flex\">\n<div class=\"wp-block-button\"><a class=\"wp-block-button__link wp-element-button\" href=\"https:\/\/www.circularsecondhand.org\/es\/bermudas-tallaje-femenino\/\">Compra ahora shorts<\/a><\/div>\n\n\n\n<div class=\"wp-block-button\"><a class=\"wp-block-button__link wp-element-button\" href=\"https:\/\/www.circularsecondhand.org\/es\/faldas-tallaje-femenino\/\">Compra ahora faldas<\/a><\/div>\n<\/div>\n\n<p class=\"has-medium-font-size\"><strong>Trajes ligeros y fluidos<\/strong><br\/> Los trajes son una opci\u00f3n f\u00e1cil y estilosa para festivales. Apuesta por tejidos naturales como algod\u00f3n o lino, con cortes boho, florales o minimalistas. Puedes combinarlos con una chaqueta vaquera para las noches m\u00e1s frescas.    <\/p>\n\n<figure class=\"wp-block-image aligncenter size-full\"><img loading=\"lazy\" decoding=\"async\" width=\"1000\" height=\"600\" src=\"https:\/\/www.circularsecondhand.org\/wp-content\/uploads\/2025\/04\/3.jpg\" alt=\"\" class=\"wp-image-14559\" srcset=\"https:\/\/www.circularsecondhand.org\/wp-content\/uploads\/2025\/04\/3.jpg 1000w, https:\/\/www.circularsecondhand.org\/wp-content\/uploads\/2025\/04\/3-300x180.jpg 300w, https:\/\/www.circularsecondhand.org\/wp-content\/uploads\/2025\/04\/3-768x461.jpg 768w\" sizes=\"auto, (max-width: 1000px) 100vw, 1000px\" \/><\/figure>\n\n<div class=\"wp-block-buttons is-content-justification-center is-layout-flex wp-container-core-buttons-is-layout-16018d1d wp-block-buttons-is-layout-flex\">\n<div class=\"wp-block-button\"><a class=\"wp-block-button__link wp-element-button\" href=\"https:\/\/www.circularsecondhand.org\/es\/vestidos-tallaje-femenino\/\">Compra ahora vestidos  <\/a><\/div>\n<\/div>\n\n<p class=\"has-medium-font-size\"><strong>Pantal\u00f3n ancho, ligero o estampado<\/strong><br\/> El pantal\u00f3n es ideal para los d\u00edas m\u00e1s largos y noches m\u00e1s frescas. Elige modelos de tejidos transpirables como algod\u00f3n, lino o viscosa. Los estampados boho o \u00e9tnicos le dan mucha personalidad al look, y son comod\u00edsimos para todo el d\u00eda.    <\/p>\n\n<figure class=\"wp-block-image aligncenter size-full\"><img loading=\"lazy\" decoding=\"async\" width=\"1000\" height=\"600\" src=\"https:\/\/www.circularsecondhand.org\/wp-content\/uploads\/2025\/04\/4.jpg\" alt=\"\" class=\"wp-image-14561\" srcset=\"https:\/\/www.circularsecondhand.org\/wp-content\/uploads\/2025\/04\/4.jpg 1000w, https:\/\/www.circularsecondhand.org\/wp-content\/uploads\/2025\/04\/4-300x180.jpg 300w, https:\/\/www.circularsecondhand.org\/wp-content\/uploads\/2025\/04\/4-768x461.jpg 768w\" sizes=\"auto, (max-width: 1000px) 100vw, 1000px\" \/><\/figure>\n\n<div class=\"wp-block-buttons alignwide is-content-justification-center is-layout-flex wp-container-core-buttons-is-layout-16018d1d wp-block-buttons-is-layout-flex\">\n<div class=\"wp-block-button\"><a class=\"wp-block-button__link wp-element-button\" href=\"https:\/\/www.circularsecondhand.org\/es\/vestidos-tallaje-femenino\/\">Compra ahora pantalones<\/a><\/div>\n<\/div>\n\n<h2 class=\"wp-block-heading\"><strong>Accesorios que lo cambian todo<\/strong> <\/h2>\n\n<p class=\"has-medium-font-size\">Los accesorios son la clave para darle personalidad a tu outfit. Adem\u00e1s ocupan poco espacio y pueden transformar completamente tu look con una sola pieza.  <\/p>\n\n<p class=\"has-medium-font-size\">Los pa\u00f1uelos son un must de los festivales. Puedes llevarlos:  <\/p>\n\n<ul class=\"wp-block-list\">\n<li class=\"has-medium-font-size\">Como top o bikini improvisado  <\/li>\n\n\n\n<li class=\"has-medium-font-size\">Ligados a la cabeza, estilo bandana  <\/li>\n\n\n\n<li class=\"has-medium-font-size\">En la mochila o atado a la mu\u00f1eca como detalle cool  <\/li>\n<\/ul>\n\n<p class=\"has-medium-font-size\">Son ligeros, pr\u00e1cticos y llenos de estilo. Apuesta por los estampados \u00e9tnicos, florales o psicod\u00e9licos.  <\/p>\n\n<figure class=\"wp-block-image aligncenter size-full\"><img loading=\"lazy\" decoding=\"async\" width=\"1000\" height=\"600\" src=\"https:\/\/www.circularsecondhand.org\/wp-content\/uploads\/2025\/04\/5.jpg\" alt=\"\" class=\"wp-image-14563\" srcset=\"https:\/\/www.circularsecondhand.org\/wp-content\/uploads\/2025\/04\/5.jpg 1000w, https:\/\/www.circularsecondhand.org\/wp-content\/uploads\/2025\/04\/5-300x180.jpg 300w, https:\/\/www.circularsecondhand.org\/wp-content\/uploads\/2025\/04\/5-768x461.jpg 768w\" sizes=\"auto, (max-width: 1000px) 100vw, 1000px\" \/><\/figure>\n\n<div class=\"wp-block-buttons is-content-justification-center is-layout-flex wp-container-core-buttons-is-layout-16018d1d wp-block-buttons-is-layout-flex\">\n<div class=\"wp-block-button\"><a class=\"wp-block-button__link wp-element-button\" href=\"https:\/\/www.circularsecondhand.org\/es\/accesorios\/\">Explora nuestros accesorios<\/a><\/div>\n<\/div>\n\n<h2 class=\"wp-block-heading\"><strong>Consejo extra: crea tu \u201ckit festivaler circular\u201d<\/strong> <\/h2>\n\n<p class=\"has-medium-font-size\">Adem\u00e1s de la ropa, prepara una mochila con:  <\/p>\n\n<ul class=\"wp-block-list\">\n<li class=\"has-medium-font-size\">Botella reutilizable  <\/li>\n\n\n\n<li class=\"has-medium-font-size\">Pa\u00f1uelo de cabeza multifunci\u00f3n  <\/li>\n\n\n\n<li class=\"has-medium-font-size\">Bolsas de tela para evitar el pl\u00e1stico  <\/li>\n<\/ul>\n\n<h2 class=\"wp-block-heading has-text-align-center has--font-size\"><strong>\u00bfEst\u00e1s lista para tu pr\u00f3ximo festival?<\/strong> <\/h2>\n\n<p class=\"has-text-align-center has-medium-font-size\"><br\/><a href=\"https:\/\/www.circularsecondhand.org\/tots-els-productes\/\" data-type=\"link\" data-id=\"https:\/\/www.circularsecondhand.org\/tots-els-productes\/\">Explora nuestras prendas \u00fanicas<\/a> y prep\u00e1rate para vivir el verano m\u00e1s estiloso&#8230; \u00a1y sostenible!  <\/p>\n\n<p><\/p>\n","protected":false},"excerpt":{"rendered":"<p>  Descubre ideas de looks sostenibles para festivales de verano. Combina estilo, comodidad y conciencia con prendas de segunda mano de Circular.<\/p>\n","protected":false},"author":25,"featured_media":14552,"comment_status":"closed","ping_status":"closed","sticky":false,"template":"","format":"standard","meta":{"_kad_blocks_custom_css":"","_kad_blocks_head_custom_js":"","_kad_blocks_body_custom_js":"","_kad_blocks_footer_custom_js":"","_kad_post_transparent":"","_kad_post_title":"","_kad_post_layout":"","_kad_post_sidebar_id":"","_kad_post_content_style":"","_kad_post_vertical_padding":"","_kad_post_feature":"","_kad_post_feature_position":"","_kad_post_header":false,"_kad_post_footer":false,"_kad_post_classname":"","footnotes":""},"categories":[1040,1],"tags":[1046,1042,1041,1045],"class_list":["post-15229","post","type-post","status-publish","format-standard","has-post-thumbnail","hentry","category-ropa-de-segunda-mano","category-articulo","tag-fashion-es","tag-moda-de-segunda-mano","tag-ropa-de-segunda-mano","tag-vintage-es"],"taxonomy_info":{"category":[{"value":1040,"label":"Ropa de segunda mano"},{"value":1,"label":"Art\u00edculo"}],"post_tag":[{"value":1046,"label":"fashion"},{"value":1042,"label":"moda de segunda mano"},{"value":1041,"label":"ropa de segunda mano"},{"value":1045,"label":"vintage"}]},"featured_image_src_large":["https:\/\/www.circularsecondhand.org\/wp-content\/uploads\/2024\/12\/cabeceras-1024x576.jpg",1024,576,true],"author_info":{"display_name":"Circular Second Hand","author_link":"https:\/\/www.circularsecondhand.org\/es\/author\/circular\/"},"comment_info":0,"category_info":[{"term_id":1040,"name":"Ropa de segunda mano","slug":"ropa-de-segunda-mano","term_group":0,"term_taxonomy_id":1040,"taxonomy":"category","description":"","parent":1,"count":2,"filter":"raw","cat_ID":1040,"category_count":2,"category_description":"","cat_name":"Ropa de segunda mano","category_nicename":"ropa-de-segunda-mano","category_parent":1},{"term_id":1,"name":"Art\u00edculo","slug":"articulo","term_group":0,"term_taxonomy_id":1,"taxonomy":"category","description":"","parent":0,"count":4,"filter":"raw","cat_ID":1,"category_count":4,"category_description":"","cat_name":"Art\u00edculo","category_nicename":"articulo","category_parent":0}],"tag_info":[{"term_id":1046,"name":"fashion","slug":"fashion-es","term_group":0,"term_taxonomy_id":1046,"taxonomy":"post_tag","description":"","parent":0,"count":2,"filter":"raw"},{"term_id":1042,"name":"moda de segunda mano","slug":"moda-de-segunda-mano","term_group":0,"term_taxonomy_id":1042,"taxonomy":"post_tag","description":"","parent":0,"count":2,"filter":"raw"},{"term_id":1041,"name":"ropa de segunda mano","slug":"ropa-de-segunda-mano","term_group":0,"term_taxonomy_id":1041,"taxonomy":"post_tag","description":"","parent":0,"count":3,"filter":"raw"},{"term_id":1045,"name":"vintage","slug":"vintage-es","term_group":0,"term_taxonomy_id":1045,"taxonomy":"post_tag","description":"","parent":0,"count":2,"filter":"raw"}],"_links":{"self":[{"href":"https:\/\/www.circularsecondhand.org\/es\/wp-json\/wp\/v2\/posts\/15229","targetHints":{"allow":["GET"]}}],"collection":[{"href":"https:\/\/www.circularsecondhand.org\/es\/wp-json\/wp\/v2\/posts"}],"about":[{"href":"https:\/\/www.circularsecondhand.org\/es\/wp-json\/wp\/v2\/types\/post"}],"author":[{"embeddable":true,"href":"https:\/\/www.circularsecondhand.org\/es\/wp-json\/wp\/v2\/users\/25"}],"replies":[{"embeddable":true,"href":"https:\/\/www.circularsecondhand.org\/es\/wp-json\/wp\/v2\/comments?post=15229"}],"version-history":[{"count":5,"href":"https:\/\/www.circularsecondhand.org\/es\/wp-json\/wp\/v2\/posts\/15229\/revisions"}],"predecessor-version":[{"id":15249,"href":"https:\/\/www.circularsecondhand.org\/es\/wp-json\/wp\/v2\/posts\/15229\/revisions\/15249"}],"wp:featuredmedia":[{"embeddable":true,"href":"https:\/\/www.circularsecondhand.org\/es\/wp-json\/wp\/v2\/media\/14552"}],"wp:attachment":[{"href":"https:\/\/www.circularsecondhand.org\/es\/wp-json\/wp\/v2\/media?parent=15229"}],"wp:term":[{"taxonomy":"category","embeddable":true,"href":"https:\/\/www.circularsecondhand.org\/es\/wp-json\/wp\/v2\/categories?post=15229"},{"taxonomy":"post_tag","embeddable":true,"href":"https:\/\/www.circularsecondhand.org\/es\/wp-json\/wp\/v2\/tags?post=15229"}],"curies":[{"name":"wp","href":"https:\/\/api.w.org\/{rel}","templated":true}]}}